{"id":6739,"date":"2025-08-19T12:23:06","date_gmt":"2025-08-19T10:23:06","guid":{"rendered":"https:\/\/formations-benevoles.org\/provence-alpes-cote-dazur\/?p=6739"},"modified":"2025-08-19T12:23:06","modified_gmt":"2025-08-19T10:23:06","slug":"compte-dengagement-citoyen-cec","status":"publish","type":"post","link":"https:\/\/formations-benevoles.org\/provence-alpes-cote-dazur\/compte-dengagement-citoyen-cec\/","title":{"rendered":"Compte d\u2019Engagement Citoyen (CEC)"},"content":{"rendered":"[vc_row type=&#8221;in_container&#8221; full_screen_row_position=&#8221;middle&#8221; column_margin=&#8221;default&#8221; column_direction=&#8221;default&#8221; column_direction_tablet=&#8221;default&#8221; column_direction_phone=&#8221;default&#8221; scene_position=&#8221;center&#8221; text_color=&#8221;dark&#8221; text_align=&#8221;left&#8221; row_border_radius=&#8221;none&#8221; row_border_radius_applies=&#8221;bg&#8221; overflow=&#8221;visible&#8221; overlay_strength=&#8221;0.3&#8243; gradient_direction=&#8221;left_to_right&#8221; shape_divider_position=&#8221;bottom&#8221; bg_image_animation=&#8221;none&#8221;][vc_column column_padding=&#8221;no-extra-padding&#8221; column_padding_tablet=&#8221;inherit&#8221; column_padding_phone=&#8221;inherit&#8221; column_padding_position=&#8221;all&#8221; column_element_direction_desktop=&#8221;default&#8221; column_element_spacing=&#8221;default&#8221; desktop_text_alignment=&#8221;default&#8221; tablet_text_alignment=&#8221;default&#8221; phone_text_alignment=&#8221;default&#8221; background_color_opacity=&#8221;1&#8243; background_hover_color_opacity=&#8221;1&#8243; column_backdrop_filter=&#8221;none&#8221; column_shadow=&#8221;none&#8221; column_border_radius=&#8221;none&#8221; column_link_target=&#8221;_self&#8221; column_position=&#8221;default&#8221; gradient_direction=&#8221;left_to_right&#8221; overlay_strength=&#8221;0.3&#8243; width=&#8221;1\/1&#8243; tablet_width_inherit=&#8221;default&#8221; animation_type=&#8221;default&#8221; bg_image_animation=&#8221;none&#8221; border_type=&#8221;simple&#8221; column_border_width=&#8221;none&#8221; column_border_style=&#8221;solid&#8221;][vc_custom_heading text=&#8221;Vous \u00eates b\u00e9n\u00e9voles ?<br \/>\nVous exercez des responsabilit\u00e9s dans une association ?&#8221; font_container=&#8221;tag:h3|text_align:center|color:%236abe35&#8243; google_fonts=&#8221;font_family:Limelight%3Aregular|font_style:400%20regular%3A400%3Anormal&#8221; css=&#8221;&#8221;][\/vc_column][\/vc_row][vc_row type=&#8221;in_container&#8221; full_screen_row_position=&#8221;middle&#8221; column_margin=&#8221;default&#8221; column_direction=&#8221;default&#8221; column_direction_tablet=&#8221;default&#8221; column_direction_phone=&#8221;default&#8221; bg_color=&#8221;#c7559a&#8221; scene_position=&#8221;center&#8221; left_padding_desktop=&#8221;5%&#8221; text_color=&#8221;dark&#8221; text_align=&#8221;left&#8221; row_border_radius=&#8221;none&#8221; row_border_radius_applies=&#8221;bg&#8221; overflow=&#8221;visible&#8221; overlay_strength=&#8221;0.3&#8243; gradient_direction=&#8221;left_to_right&#8221; shape_divider_position=&#8221;bottom&#8221; bg_image_animation=&#8221;none&#8221; gradient_type=&#8221;default&#8221; shape_type=&#8221;&#8221;][vc_column column_padding=&#8221;no-extra-padding&#8221; column_padding_tablet=&#8221;inherit&#8221; column_padding_phone=&#8221;inherit&#8221; column_padding_position=&#8221;all&#8221; column_element_direction_desktop=&#8221;default&#8221; column_element_spacing=&#8221;default&#8221; desktop_text_alignment=&#8221;default&#8221; tablet_text_alignment=&#8221;default&#8221; phone_text_alignment=&#8221;default&#8221; background_color_opacity=&#8221;1&#8243; background_hover_color_opacity=&#8221;1&#8243; column_backdrop_filter=&#8221;none&#8221; column_shadow=&#8221;none&#8221; column_border_radius=&#8221;none&#8221; column_link_target=&#8221;_self&#8221; column_position=&#8221;default&#8221; gradient_direction=&#8221;left_to_right&#8221; overlay_strength=&#8221;0.3&#8243; width=&#8221;1\/1&#8243; tablet_width_inherit=&#8221;default&#8221; animation_type=&#8221;default&#8221; bg_image_animation=&#8221;none&#8221; border_type=&#8221;simple&#8221; column_border_width=&#8221;none&#8221; column_border_style=&#8221;solid&#8221; column_padding_type=&#8221;default&#8221; gradient_type=&#8221;default&#8221;][vc_custom_heading text=&#8221;Le Compte d\u2019engagement citoyen, qu\u2019est-ce que c\u2019est ?&#8221; font_container=&#8221;tag:h5|text_align:left|color:%23ffffff&#8221; google_fonts=&#8221;font_family:Karla%3Aregular%2Citalic%2C700%2C700italic|font_style:400%20regular%3A400%3Anormal&#8221; css=&#8221;&#8221;][\/vc_column][\/vc_row][vc_row type=&#8221;in_container&#8221; full_screen_row_position=&#8221;middle&#8221; column_margin=&#8221;default&#8221; column_direction=&#8221;default&#8221; column_direction_tablet=&#8221;default&#8221; column_direction_phone=&#8221;default&#8221; scene_position=&#8221;center&#8221; text_color=&#8221;dark&#8221; text_align=&#8221;left&#8221; row_border_radius=&#8221;none&#8221; row_border_radius_applies=&#8221;bg&#8221; overflow=&#8221;visible&#8221; overlay_strength=&#8221;0.3&#8243; gradient_direction=&#8221;left_to_right&#8221; shape_divider_position=&#8221;bottom&#8221; bg_image_animation=&#8221;none&#8221;][vc_column column_padding=&#8221;no-extra-padding&#8221; column_padding_tablet=&#8221;inherit&#8221; column_padding_phone=&#8221;inherit&#8221; column_padding_position=&#8221;all&#8221; column_element_direction_desktop=&#8221;default&#8221; column_element_spacing=&#8221;default&#8221; desktop_text_alignment=&#8221;default&#8221; tablet_text_alignment=&#8221;default&#8221; phone_text_alignment=&#8221;default&#8221; background_color_opacity=&#8221;1&#8243; background_hover_color_opacity=&#8221;1&#8243; column_backdrop_filter=&#8221;none&#8221; column_shadow=&#8221;none&#8221; column_border_radius=&#8221;none&#8221; column_link_target=&#8221;_self&#8221; column_position=&#8221;default&#8221; gradient_direction=&#8221;left_to_right&#8221; overlay_strength=&#8221;0.3&#8243; width=&#8221;1\/1&#8243; tablet_width_inherit=&#8221;default&#8221; animation_type=&#8221;default&#8221; bg_image_animation=&#8221;none&#8221; border_type=&#8221;simple&#8221; column_border_width=&#8221;none&#8221; column_border_style=&#8221;solid&#8221;][vc_column_text css=&#8221;&#8221; text_direction=&#8221;default&#8221;]Le Compte d\u2019engagement citoyen (CEC) est un dispositif int\u00e9gr\u00e9 au Compte personnel d\u2019activit\u00e9 (CPA) que chaque personne de plus de 16 ans peut ouvrir.<br \/>\nLes b\u00e9n\u00e9voles \u00e9ligibles peuvent y d\u00e9clarer leur activit\u00e9 associative et b\u00e9n\u00e9ficier de droits \u00e0 formation financ\u00e9s par l\u2019\u00c9tat en reconnaissance de leur engagement.[\/vc_column_text][\/vc_column][\/vc_row][vc_row type=&#8221;in_container&#8221; full_screen_row_position=&#8221;middle&#8221; column_margin=&#8221;default&#8221; column_direction=&#8221;default&#8221; column_direction_tablet=&#8221;default&#8221; column_direction_phone=&#8221;default&#8221; bg_color=&#8221;#3e57a3&#8243; scene_position=&#8221;center&#8221; left_padding_desktop=&#8221;5%&#8221; text_color=&#8221;dark&#8221; text_align=&#8221;left&#8221; row_border_radius=&#8221;none&#8221; row_border_radius_applies=&#8221;bg&#8221; overflow=&#8221;visible&#8221; overlay_strength=&#8221;0.3&#8243; gradient_direction=&#8221;left_to_right&#8221; shape_divider_position=&#8221;bottom&#8221; bg_image_animation=&#8221;none&#8221; gradient_type=&#8221;default&#8221; shape_type=&#8221;&#8221;][vc_column column_padding=&#8221;no-extra-padding&#8221; column_padding_tablet=&#8221;inherit&#8221; column_padding_phone=&#8221;inherit&#8221; column_padding_position=&#8221;all&#8221; column_element_direction_desktop=&#8221;default&#8221; column_element_spacing=&#8221;default&#8221; desktop_text_alignment=&#8221;default&#8221; tablet_text_alignment=&#8221;default&#8221; phone_text_alignment=&#8221;default&#8221; background_color_opacity=&#8221;1&#8243; background_hover_color_opacity=&#8221;1&#8243; column_backdrop_filter=&#8221;none&#8221; column_shadow=&#8221;none&#8221; column_border_radius=&#8221;none&#8221; column_link_target=&#8221;_self&#8221; column_position=&#8221;default&#8221; gradient_direction=&#8221;left_to_right&#8221; overlay_strength=&#8221;0.3&#8243; width=&#8221;1\/1&#8243; tablet_width_inherit=&#8221;default&#8221; animation_type=&#8221;default&#8221; bg_image_animation=&#8221;none&#8221; border_type=&#8221;simple&#8221; column_border_width=&#8221;none&#8221; column_border_style=&#8221;solid&#8221; column_padding_type=&#8221;default&#8221; gradient_type=&#8221;default&#8221;][vc_custom_heading text=&#8221;Pour qui ?&#8221; font_container=&#8221;tag:h5|text_align:left|color:%23ffffff&#8221; google_fonts=&#8221;font_family:Karla%3Aregular%2Citalic%2C700%2C700italic|font_style:400%20regular%3A400%3Anormal&#8221; css=&#8221;&#8221;][\/vc_column][\/vc_row][vc_row type=&#8221;in_container&#8221; full_screen_row_position=&#8221;middle&#8221; column_margin=&#8221;default&#8221; column_direction=&#8221;default&#8221; column_direction_tablet=&#8221;default&#8221; column_direction_phone=&#8221;default&#8221; scene_position=&#8221;center&#8221; text_color=&#8221;dark&#8221; text_align=&#8221;left&#8221; row_border_radius=&#8221;none&#8221; row_border_radius_applies=&#8221;bg&#8221; overflow=&#8221;visible&#8221; overlay_strength=&#8221;0.3&#8243; gradient_direction=&#8221;left_to_right&#8221; shape_divider_position=&#8221;bottom&#8221; bg_image_animation=&#8221;none&#8221;][vc_column column_padding=&#8221;no-extra-padding&#8221; column_padding_tablet=&#8221;inherit&#8221; column_padding_phone=&#8221;inherit&#8221; column_padding_position=&#8221;all&#8221; column_element_direction_desktop=&#8221;default&#8221; column_element_spacing=&#8221;default&#8221; desktop_text_alignment=&#8221;default&#8221; tablet_text_alignment=&#8221;default&#8221; phone_text_alignment=&#8221;default&#8221; background_color_opacity=&#8221;1&#8243; background_hover_color_opacity=&#8221;1&#8243; column_backdrop_filter=&#8221;none&#8221; column_shadow=&#8221;none&#8221; column_border_radius=&#8221;none&#8221; column_link_target=&#8221;_self&#8221; column_position=&#8221;default&#8221; gradient_direction=&#8221;left_to_right&#8221; overlay_strength=&#8221;0.3&#8243; width=&#8221;1\/1&#8243; tablet_width_inherit=&#8221;default&#8221; animation_type=&#8221;default&#8221; bg_image_animation=&#8221;none&#8221; border_type=&#8221;simple&#8221; column_border_width=&#8221;none&#8221; column_border_style=&#8221;solid&#8221;][vc_column_text css=&#8221;&#8221; text_direction=&#8221;default&#8221;]Ce dispositif s\u2019adresse \u00e0 <strong>certains responsables b\u00e9n\u00e9voles associatifs<\/strong>. Des conditions de mission et de dur\u00e9e sont exig\u00e9es.<\/p>\n<p>Sont \u00e9ligibles les b\u00e9n\u00e9voles membres de <strong>l\u2019instance de direction<\/strong> d\u2019une association (conseil d\u2019administration, bureau\u2026) et les b\u00e9n\u00e9voles qui <strong>encadrent<\/strong> d\u2019autres b\u00e9n\u00e9voles.<\/p>\n<p>Ils doivent avoir consacr\u00e9 \u00e0 leur b\u00e9n\u00e9volat au moins <strong>200 heures dans l\u2019ann\u00e9e<\/strong>, dont au moins <strong>100 heures<\/strong> dans la m\u00eame association.<\/p>\n<p>Le b\u00e9n\u00e9volat doit en outre avoir \u00e9t\u00e9 effectu\u00e9 dans une association d\u00e9clar\u00e9e depuis <strong>au moins un an<\/strong> qui intervient dans l\u2019un des <strong>champs suivants<\/strong> : philanthropique, \u00e9ducatif, scientifique, social, humanitaire, sportif, familial, culturel, ou concourant \u00e0 la mise en valeur du patrimoine artistique, \u00e0 la d\u00e9fense de l\u2019environnement naturel ou \u00e0 la diffusion de la culture, de la langue et des connaissances scientifiques fran\u00e7aises.[\/vc_column_text][\/vc_column][\/vc_row][vc_row type=&#8221;in_container&#8221; full_screen_row_position=&#8221;middle&#8221; column_margin=&#8221;default&#8221; column_direction=&#8221;default&#8221; column_direction_tablet=&#8221;default&#8221; column_direction_phone=&#8221;default&#8221; bg_color=&#8221;#009c51&#8243; scene_position=&#8221;center&#8221; left_padding_desktop=&#8221;5%&#8221; text_color=&#8221;dark&#8221; text_align=&#8221;left&#8221; row_border_radius=&#8221;none&#8221; row_border_radius_applies=&#8221;bg&#8221; overflow=&#8221;visible&#8221; overlay_strength=&#8221;0.3&#8243; gradient_direction=&#8221;left_to_right&#8221; shape_divider_position=&#8221;bottom&#8221; bg_image_animation=&#8221;none&#8221; gradient_type=&#8221;default&#8221; shape_type=&#8221;&#8221;][vc_column column_padding=&#8221;no-extra-padding&#8221; column_padding_tablet=&#8221;inherit&#8221; column_padding_phone=&#8221;inherit&#8221; column_padding_position=&#8221;all&#8221; column_element_direction_desktop=&#8221;default&#8221; column_element_spacing=&#8221;default&#8221; desktop_text_alignment=&#8221;default&#8221; tablet_text_alignment=&#8221;default&#8221; phone_text_alignment=&#8221;default&#8221; background_color_opacity=&#8221;1&#8243; background_hover_color_opacity=&#8221;1&#8243; column_backdrop_filter=&#8221;none&#8221; column_shadow=&#8221;none&#8221; column_border_radius=&#8221;none&#8221; column_link_target=&#8221;_self&#8221; column_position=&#8221;default&#8221; gradient_direction=&#8221;left_to_right&#8221; overlay_strength=&#8221;0.3&#8243; width=&#8221;1\/1&#8243; tablet_width_inherit=&#8221;default&#8221; animation_type=&#8221;default&#8221; bg_image_animation=&#8221;none&#8221; border_type=&#8221;simple&#8221; column_border_width=&#8221;none&#8221; column_border_style=&#8221;solid&#8221; column_padding_type=&#8221;default&#8221; gradient_type=&#8221;default&#8221;][vc_custom_heading text=&#8221;Quels sont les droits \u00e0 la formation ?&#8221; font_container=&#8221;tag:h5|text_align:left|color:%23ffffff&#8221; google_fonts=&#8221;font_family:Karla%3Aregular%2Citalic%2C700%2C700italic|font_style:400%20regular%3A400%3Anormal&#8221; css=&#8221;&#8221;][\/vc_column][\/vc_row][vc_row type=&#8221;in_container&#8221; full_screen_row_position=&#8221;middle&#8221; column_margin=&#8221;default&#8221; column_direction=&#8221;default&#8221; column_direction_tablet=&#8221;default&#8221; column_direction_phone=&#8221;default&#8221; scene_position=&#8221;center&#8221; text_color=&#8221;dark&#8221; text_align=&#8221;left&#8221; row_border_radius=&#8221;none&#8221; row_border_radius_applies=&#8221;bg&#8221; overflow=&#8221;visible&#8221; overlay_strength=&#8221;0.3&#8243; gradient_direction=&#8221;left_to_right&#8221; shape_divider_position=&#8221;bottom&#8221; bg_image_animation=&#8221;none&#8221;][vc_column column_padding=&#8221;no-extra-padding&#8221; column_padding_tablet=&#8221;inherit&#8221; column_padding_phone=&#8221;inherit&#8221; column_padding_position=&#8221;all&#8221; column_element_direction_desktop=&#8221;default&#8221; column_element_spacing=&#8221;default&#8221; desktop_text_alignment=&#8221;default&#8221; tablet_text_alignment=&#8221;default&#8221; phone_text_alignment=&#8221;default&#8221; background_color_opacity=&#8221;1&#8243; background_hover_color_opacity=&#8221;1&#8243; column_backdrop_filter=&#8221;none&#8221; column_shadow=&#8221;none&#8221; column_border_radius=&#8221;none&#8221; column_link_target=&#8221;_self&#8221; column_position=&#8221;default&#8221; gradient_direction=&#8221;left_to_right&#8221; overlay_strength=&#8221;0.3&#8243; width=&#8221;1\/1&#8243; tablet_width_inherit=&#8221;default&#8221; animation_type=&#8221;default&#8221; bg_image_animation=&#8221;none&#8221; border_type=&#8221;simple&#8221; column_border_width=&#8221;none&#8221; column_border_style=&#8221;solid&#8221;][vc_column_text css=&#8221;&#8221; text_direction=&#8221;default&#8221;]Les b\u00e9n\u00e9voles \u00e9ligibles, actifs ou non, pourront se voir allouer un<strong> forfait en euros<\/strong> (240\u20ac), utilisable pour s\u2019inscrire \u00e0 des formations.<\/p>\n<p>Pour les actifs (salari\u00e9, demandeur d\u2019emploi, agent public, ind\u00e9pendant), ce forfait s\u2019ajoute aux droits \u00e0 formation acquis sur Mon Compte Formation, leur compte personnel de formation, pour les formations qui les int\u00e9ressent.<\/p>\n<p>Les droits acquis peuvent \u00eatre utilis\u00e9s pour suivre une formation sp\u00e9cifiquement destin\u00e9e aux b\u00e9n\u00e9voles et volontaires en service civique pour leur mission.<\/p>\n<p>Ils peuvent \u00e9galement \u00eatre utilis\u00e9s pour :<\/p>\n<p>&#8211; une formation professionnelle sanctionn\u00e9e par une certification, une attestation ou une habilitation reconnue par le code du travail (L. 6323-6 du code du travail);<br \/>\n&#8211; une action permettant de faire valider les acquis de l\u2019exp\u00e9rience ;<br \/>\n&#8211; un bilan de comp\u00e9tences ;<br \/>\n&#8211; une pr\u00e9paration de l\u2019\u00e9preuve th\u00e9orique du code de la route et de l\u2019\u00e9preuve pratique du permis de conduire ;<br \/>\n&#8211; une action de formation d\u2019accompagnement ou de conseil aux cr\u00e9ateurs ou repreneurs d\u2019entreprises.[\/vc_column_text][\/vc_column][\/vc_row][vc_row type=&#8221;in_container&#8221; full_screen_row_position=&#8221;middle&#8221; column_margin=&#8221;default&#8221; column_direction=&#8221;default&#8221; column_direction_tablet=&#8221;default&#8221; column_direction_phone=&#8221;default&#8221; bg_color=&#8221;#4887c7&#8243; scene_position=&#8221;center&#8221; left_padding_desktop=&#8221;5%&#8221; text_color=&#8221;dark&#8221; text_align=&#8221;left&#8221; row_border_radius=&#8221;none&#8221; row_border_radius_applies=&#8221;bg&#8221; overflow=&#8221;visible&#8221; overlay_strength=&#8221;0.3&#8243; gradient_direction=&#8221;left_to_right&#8221; shape_divider_position=&#8221;bottom&#8221; bg_image_animation=&#8221;none&#8221; gradient_type=&#8221;default&#8221; shape_type=&#8221;&#8221;][vc_column column_padding=&#8221;no-extra-padding&#8221; column_padding_tablet=&#8221;inherit&#8221; column_padding_phone=&#8221;inherit&#8221; column_padding_position=&#8221;all&#8221; column_element_direction_desktop=&#8221;default&#8221; column_element_spacing=&#8221;default&#8221; desktop_text_alignment=&#8221;default&#8221; tablet_text_alignment=&#8221;default&#8221; phone_text_alignment=&#8221;default&#8221; background_color_opacity=&#8221;1&#8243; background_hover_color_opacity=&#8221;1&#8243; column_backdrop_filter=&#8221;none&#8221; column_shadow=&#8221;none&#8221; column_border_radius=&#8221;none&#8221; column_link_target=&#8221;_self&#8221; column_position=&#8221;default&#8221; gradient_direction=&#8221;left_to_right&#8221; overlay_strength=&#8221;0.3&#8243; width=&#8221;1\/1&#8243; tablet_width_inherit=&#8221;default&#8221; animation_type=&#8221;default&#8221; bg_image_animation=&#8221;none&#8221; border_type=&#8221;simple&#8221; column_border_width=&#8221;none&#8221; column_border_style=&#8221;solid&#8221; column_padding_type=&#8221;default&#8221; gradient_type=&#8221;default&#8221;][vc_custom_heading text=&#8221;De fa\u00e7on pratique, comment le b\u00e9n\u00e9vole int\u00e9ress\u00e9 par le dispositif, peut-il solliciter ces droits ?<br \/>\n&#8221; font_container=&#8221;tag:h5|text_align:left|color:%23ffffff&#8221; google_fonts=&#8221;font_family:Karla%3Aregular%2Citalic%2C700%2C700italic|font_style:400%20regular%3A400%3Anormal&#8221; css=&#8221;&#8221;][\/vc_column][\/vc_row][vc_row type=&#8221;in_container&#8221; full_screen_row_position=&#8221;middle&#8221; column_margin=&#8221;default&#8221; column_direction=&#8221;default&#8221; column_direction_tablet=&#8221;default&#8221; column_direction_phone=&#8221;default&#8221; scene_position=&#8221;center&#8221; text_color=&#8221;dark&#8221; text_align=&#8221;left&#8221; row_border_radius=&#8221;none&#8221; row_border_radius_applies=&#8221;bg&#8221; overflow=&#8221;visible&#8221; overlay_strength=&#8221;0.3&#8243; gradient_direction=&#8221;left_to_right&#8221; shape_divider_position=&#8221;bottom&#8221; bg_image_animation=&#8221;none&#8221;][vc_column column_padding=&#8221;no-extra-padding&#8221; column_padding_tablet=&#8221;inherit&#8221; column_padding_phone=&#8221;inherit&#8221; column_padding_position=&#8221;all&#8221; column_element_direction_desktop=&#8221;default&#8221; column_element_spacing=&#8221;default&#8221; desktop_text_alignment=&#8221;default&#8221; tablet_text_alignment=&#8221;default&#8221; phone_text_alignment=&#8221;default&#8221; background_color_opacity=&#8221;1&#8243; background_hover_color_opacity=&#8221;1&#8243; column_backdrop_filter=&#8221;none&#8221; column_shadow=&#8221;none&#8221; column_border_radius=&#8221;none&#8221; column_link_target=&#8221;_self&#8221; column_position=&#8221;default&#8221; gradient_direction=&#8221;left_to_right&#8221; overlay_strength=&#8221;0.3&#8243; width=&#8221;1\/1&#8243; tablet_width_inherit=&#8221;default&#8221; animation_type=&#8221;default&#8221; bg_image_animation=&#8221;none&#8221; border_type=&#8221;simple&#8221; column_border_width=&#8221;none&#8221; column_border_style=&#8221;solid&#8221;][vc_column_text css=&#8221;&#8221; text_direction=&#8221;default&#8221;]L\u2019activit\u00e9 b\u00e9n\u00e9vole \u00e9tant inconnue de l\u2019administration, le b\u00e9n\u00e9vole doit la d\u00e9clarer s\u2019il est int\u00e9ress\u00e9 par le dispositif.<\/p>\n<p>Cette d\u00e9claration s\u2019effectue par voie d\u00e9mat\u00e9rialis\u00e9e sur \u00ab Le compte b\u00e9n\u00e9vole \u00bb : <a href=\"https:\/\/www.associations.gouv.fr\/le-compte-benevole.html\" target=\"_blank\" rel=\"noopener\">www.associations.gouv.fr\/compte-benevole.<\/a> Il peut transmettre autant de d\u00e9clarations que d\u2019associations \u00e9ligibles dans lesquelles il est investi.<\/p>\n<p>Sa d\u00e9claration est automatiquement transmise au dirigeant de son association qui se sera d\u00e9sign\u00e9 comme \u00ab valideur CEC \u00bb sur \u00ab<strong> Le compte association<\/strong> \u00bb : <a href=\"https:\/\/www.associations.gouv.fr\/valideur-cec.html\" target=\"_blank\" rel=\"noopener\">www.associations.gouv.fr\/valideur-cec<\/a>. Le dirigeant devra attester de l\u2019\u00e9ligibilit\u00e9 du b\u00e9n\u00e9vole. Par pr\u00e9caution, le b\u00e9n\u00e9vole a tout int\u00e9r\u00eat \u00e0 s\u2019assurer qu\u2019un dirigeant s\u2019est bien identifi\u00e9 comme tel sur \u00ab Le Compte association \u00bb de son association pour y recevoir sa d\u00e9claration.<\/p>\n<p>Un seul membre du conseil d\u2019administration ou du bureau ou de la direction peut \u00eatre d\u00e9sign\u00e9 \u00ab valideur CEC \u00bb. Il doit attester les \u00e9l\u00e9ments de la d\u00e9claration le 31 d\u00e9cembre de chaque ann\u00e9e au plus tard.<\/p>\n<p>Le cas \u00e9ch\u00e9ant, les droits sont cr\u00e9dit\u00e9s en d\u00e9but d\u2019ann\u00e9e sur Mon Compte Formation du d\u00e9clarant.[\/vc_column_text][image_with_animation image_url=&#8221;7466&#8243; image_size=&#8221;full&#8221; animation_type=&#8221;entrance&#8221; animation=&#8221;None&#8221; animation_movement_type=&#8221;transform_y&#8221; hover_animation=&#8221;none&#8221; alignment=&#8221;&#8221; border_radius=&#8221;none&#8221; box_shadow=&#8221;none&#8221; image_loading=&#8221;default&#8221; max_width=&#8221;100%&#8221; max_width_mobile=&#8221;default&#8221;][divider line_type=&#8221;No Line&#8221; custom_height=&#8221;20&#8243;][\/vc_column][\/vc_row][vc_row type=&#8221;in_container&#8221; full_screen_row_position=&#8221;middle&#8221; column_margin=&#8221;default&#8221; column_direction=&#8221;default&#8221; column_direction_tablet=&#8221;default&#8221; column_direction_phone=&#8221;default&#8221; bg_color=&#8221;#ffea07&#8243; scene_position=&#8221;center&#8221; left_padding_desktop=&#8221;5%&#8221; text_color=&#8221;dark&#8221; text_align=&#8221;left&#8221; row_border_radius=&#8221;none&#8221; row_border_radius_applies=&#8221;bg&#8221; overflow=&#8221;visible&#8221; overlay_strength=&#8221;0.3&#8243; gradient_direction=&#8221;left_to_right&#8221; shape_divider_position=&#8221;bottom&#8221; bg_image_animation=&#8221;none&#8221; gradient_type=&#8221;default&#8221; shape_type=&#8221;&#8221;][vc_column column_padding=&#8221;no-extra-padding&#8221; column_padding_tablet=&#8221;inherit&#8221; column_padding_phone=&#8221;inherit&#8221; column_padding_position=&#8221;all&#8221; column_element_direction_desktop=&#8221;default&#8221; column_element_spacing=&#8221;default&#8221; desktop_text_alignment=&#8221;default&#8221; tablet_text_alignment=&#8221;default&#8221; phone_text_alignment=&#8221;default&#8221; background_color_opacity=&#8221;1&#8243; background_hover_color_opacity=&#8221;1&#8243; column_backdrop_filter=&#8221;none&#8221; column_shadow=&#8221;none&#8221; column_border_radius=&#8221;none&#8221; column_link_target=&#8221;_self&#8221; column_position=&#8221;default&#8221; gradient_direction=&#8221;left_to_right&#8221; overlay_strength=&#8221;0.3&#8243; width=&#8221;1\/1&#8243; tablet_width_inherit=&#8221;default&#8221; animation_type=&#8221;default&#8221; bg_image_animation=&#8221;none&#8221; border_type=&#8221;simple&#8221; column_border_width=&#8221;none&#8221; column_border_style=&#8221;solid&#8221; column_padding_type=&#8221;default&#8221; gradient_type=&#8221;default&#8221;][vc_custom_heading text=&#8221;Questions \/ r\u00e9ponses :&#8221; font_container=&#8221;tag:h5|text_align:left|color:%23c7559a&#8221; google_fonts=&#8221;font_family:Karla%3Aregular%2Citalic%2C700%2C700italic|font_style:400%20regular%3A400%3Anormal&#8221; css=&#8221;&#8221;][\/vc_column][\/vc_row][vc_row type=&#8221;in_container&#8221; full_screen_row_position=&#8221;middle&#8221; column_margin=&#8221;default&#8221; column_direction=&#8221;default&#8221; column_direction_tablet=&#8221;default&#8221; column_direction_phone=&#8221;default&#8221; scene_position=&#8221;center&#8221; text_color=&#8221;dark&#8221; text_align=&#8221;left&#8221; row_border_radius=&#8221;none&#8221; row_border_radius_applies=&#8221;bg&#8221; overflow=&#8221;visible&#8221; overlay_strength=&#8221;0.3&#8243; gradient_direction=&#8221;left_to_right&#8221; shape_divider_position=&#8221;bottom&#8221; bg_image_animation=&#8221;none&#8221;][vc_column column_padding=&#8221;no-extra-padding&#8221; column_padding_tablet=&#8221;inherit&#8221; column_padding_phone=&#8221;inherit&#8221; column_padding_position=&#8221;all&#8221; column_element_direction_desktop=&#8221;default&#8221; column_element_spacing=&#8221;default&#8221; desktop_text_alignment=&#8221;default&#8221; tablet_text_alignment=&#8221;default&#8221; phone_text_alignment=&#8221;default&#8221; background_color_opacity=&#8221;1&#8243; background_hover_color_opacity=&#8221;1&#8243; column_backdrop_filter=&#8221;none&#8221; column_shadow=&#8221;none&#8221; column_border_radius=&#8221;none&#8221; column_link_target=&#8221;_self&#8221; column_position=&#8221;default&#8221; gradient_direction=&#8221;left_to_right&#8221; overlay_strength=&#8221;0.3&#8243; width=&#8221;1\/1&#8243; tablet_width_inherit=&#8221;default&#8221; animation_type=&#8221;default&#8221; bg_image_animation=&#8221;none&#8221; border_type=&#8221;simple&#8221; column_border_width=&#8221;none&#8221; column_border_style=&#8221;solid&#8221;][toggles style=&#8221;minimal_shadow&#8221; border_radius=&#8221;none&#8221;][toggle color=&#8221;Extra-Color-1&#8243; heading_tag=&#8221;h5&#8243; heading_tag_functionality=&#8221;default&#8221; title=&#8221;Le CEC ne s\u2019adresse-t-il qu\u2019aux b\u00e9n\u00e9voles ?&#8221;][vc_column_text css=&#8221;&#8221; text_direction=&#8221;default&#8221;]Non. Le CEC permet de valoriser diff\u00e9rentes activit\u00e9s citoyennes : le b\u00e9n\u00e9volat associatif, mais aussi par exemple un engagement de service civique, de r\u00e9serviste ou de sapeur pompier volontaire. Seuls les b\u00e9n\u00e9voles associatifs, dont l\u2019activit\u00e9 n\u2019est pas connue de l\u2019administration, s\u2019inscrivent via Le compte b\u00e9n\u00e9vole. Les autres activit\u00e9s reconnues dans le cadre du CEC sont recens\u00e9es automatiquement gr\u00e2ce \u00e0 d\u2019autres sources.[\/vc_column_text][vc_column_text][\/vc_column_text][\/toggle][toggle color=&#8221;Extra-Color-1&#8243; heading_tag=&#8221;h5&#8243; heading_tag_functionality=&#8221;default&#8221; title=&#8221;Quels sont les d\u00e9lais pour d\u00e9clarer son activit\u00e9 ?&#8221;][vc_column_text css=&#8221;&#8221; text_direction=&#8221;default&#8221;]Chaque ann\u00e9e, le b\u00e9n\u00e9vole peut d\u00e9clarer son ou ses activit\u00e9s \u00e9ligibles de l\u2019ann\u00e9e pr\u00e9c\u00e9dente entre le 1er janvier et le 30 juin. Le dirigeant b\u00e9n\u00e9vole valideur CEC de l\u2019association peut valider les d\u00e9clarations jusqu\u2019au 31 d\u00e9cembre de l\u2019ann\u00e9e de d\u00e9claration[\/vc_column_text][\/toggle][toggle color=&#8221;Extra-Color-1&#8243; heading_tag=&#8221;h5&#8243; heading_tag_functionality=&#8221;default&#8221; title=&#8221;Qui peut \u00eatre \u00ab valideur CEC \u00bb ?&#8221;][vc_column_text css=&#8221;&#8221; text_direction=&#8221;default&#8221;]Un seul membre du conseil d\u2019administration, du bureau ou de la direction, peut se d\u00e9clarer \u00ab valideur CEC \u00bb. Pour les associations dot\u00e9es de plusieurs \u00e9tablissements, il est possible qu\u2019un \u00ab valideur CEC \u00bb soit identifi\u00e9 par \u00e9tablissement.[\/vc_column_text][\/toggle][toggle color=&#8221;Extra-Color-1&#8243; heading_tag=&#8221;h5&#8243; heading_tag_functionality=&#8221;default&#8221; title=&#8221;Un \u00ab valideur CEC \u00bb peut-il aussi d\u00e9clarer ses heures de b\u00e9n\u00e9volat ?&#8221;][vc_column_text css=&#8221;&#8221; text_direction=&#8221;default&#8221;]Si le \u00ab valideur CEC \u00bb r\u00e9pond en tant que b\u00e9n\u00e9vole aux crit\u00e8res d\u2019\u00e9ligibilit\u00e9 du CEC, il peut bien entendu d\u00e9clarer ses activit\u00e9s via \u00ab Le compte b\u00e9n\u00e9vole \u00bb.[\/vc_column_text][\/toggle][toggle color=&#8221;Extra-Color-1&#8243; heading_tag=&#8221;h5&#8243; heading_tag_functionality=&#8221;default&#8221; title=&#8221;O\u00f9 puis-je consulter les droits \u00e0 formation acquis ?&#8221;][vc_column_text css=&#8221;&#8221; text_direction=&#8221;default&#8221;]Les droits acquis au titre du CEC peuvent \u00eatre consult\u00e9s sur le compte formation sur : <a href=\"https:\/\/www.moncompteformation.gouv.fr\/espace-prive\/html\/#\/\">https:\/\/www.moncompteformation.gouv.fr\/<\/a>[\/vc_column_text][\/toggle][toggle color=&#8221;Extra-Color-1&#8243; heading_tag=&#8221;h5&#8243; heading_tag_functionality=&#8221;default&#8221; title=&#8221;Y a-t-il une liste des formations que je peux suivre ?&#8221;][vc_column_text css=&#8221;&#8221; text_direction=&#8221;default&#8221;]Les droits \u00e0 formation acquis peuvent \u00eatre utilis\u00e9s \u00e0 tout moment, pour une formation professionnelle \u00e9ligible au titre du CPF (par exemple, r\u00e9aliser une VAE, un bilan de comp\u00e9tences, suivre une formation pour se reconvertir professionnellement\u2026), ou pour une formation pour son engagement b\u00e9n\u00e9vole (par exemple, droit des associations, communication associative, recherche de financements\u2026).<\/p>\n<p>La liste de l\u2019ensemble des formations est disponible sur : <a href=\"https:\/\/www.moncompteformation.gouv.fr\/\">https:\/\/www.moncompteformation.gouv.fr\/<\/a>[\/vc_column_text][\/toggle][toggle color=&#8221;Extra-Color-1&#8243; heading_tag=&#8221;h5&#8243; heading_tag_functionality=&#8221;default&#8221; title=&#8221;Quand dois-je utiliser mon droit \u00e0 formation ?&#8221;][vc_column_text css=&#8221;&#8221; text_direction=&#8221;default&#8221;]Il n\u2019y a pas de limite et vous conservez vos droits et votre forfait d\u2019une ann\u00e9e sur l\u2019autre. Le cumul des droits \u00e0 formation acquis au titre du CEC est cependant limit\u00e9 \u00e0 un plafond de 720\u20ac.<\/p>\n<p>En savoir plus : <a href=\"https:\/\/www.associations.gouv.fr\/compte-d-engagement-citoyen.html\" target=\"_blank\" rel=\"noopener\">www.associations.gouv.fr\/CEC<\/a><\/p>\n<p>R\u00e9f\u00e9rences juridiques : sur le compte d\u2019engagement citoyen : article L. 5151-8 du code du travail et suivants. Sur les formations \u00e9ligibles : article L. 6323-6 du code du travail[\/vc_column_text][\/toggle][\/toggles][divider line_type=&#8221;No Line&#8221; custom_height=&#8221;30&#8243;][\/vc_column][\/vc_row][vc_row type=&#8221;in_container&#8221; full_screen_row_position=&#8221;middle&#8221; column_margin=&#8221;default&#8221; column_direction=&#8221;default&#8221; column_direction_tablet=&#8221;default&#8221; column_direction_phone=&#8221;default&#8221; scene_position=&#8221;center&#8221; text_color=&#8221;dark&#8221; text_align=&#8221;left&#8221; row_border_radius=&#8221;none&#8221; row_border_radius_applies=&#8221;bg&#8221; overflow=&#8221;visible&#8221; overlay_strength=&#8221;0.3&#8243; gradient_direction=&#8221;left_to_right&#8221; shape_divider_position=&#8221;bottom&#8221; bg_image_animation=&#8221;none&#8221;][vc_column column_padding=&#8221;no-extra-padding&#8221; column_padding_tablet=&#8221;inherit&#8221; column_padding_phone=&#8221;inherit&#8221; column_padding_position=&#8221;all&#8221; column_element_direction_desktop=&#8221;default&#8221; column_element_spacing=&#8221;default&#8221; desktop_text_alignment=&#8221;default&#8221; tablet_text_alignment=&#8221;default&#8221; phone_text_alignment=&#8221;default&#8221; background_color_opacity=&#8221;1&#8243; background_hover_color_opacity=&#8221;1&#8243; column_backdrop_filter=&#8221;none&#8221; column_shadow=&#8221;none&#8221; column_border_radius=&#8221;none&#8221; column_link_target=&#8221;_self&#8221; column_position=&#8221;default&#8221; gradient_direction=&#8221;left_to_right&#8221; overlay_strength=&#8221;0.3&#8243; width=&#8221;1\/2&#8243; tablet_width_inherit=&#8221;default&#8221; animation_type=&#8221;default&#8221; bg_image_animation=&#8221;none&#8221; border_type=&#8221;simple&#8221; column_border_width=&#8221;none&#8221; column_border_style=&#8221;solid&#8221;][\/vc_column][vc_column column_padding=&#8221;no-extra-padding&#8221; column_padding_tablet=&#8221;inherit&#8221; column_padding_phone=&#8221;inherit&#8221; column_padding_position=&#8221;all&#8221; column_element_direction_desktop=&#8221;default&#8221; column_element_spacing=&#8221;default&#8221; desktop_text_alignment=&#8221;default&#8221; tablet_text_alignment=&#8221;default&#8221; phone_text_alignment=&#8221;default&#8221; background_color_opacity=&#8221;1&#8243; background_hover_color_opacity=&#8221;1&#8243; column_backdrop_filter=&#8221;none&#8221; column_shadow=&#8221;none&#8221; column_border_radius=&#8221;none&#8221; column_link_target=&#8221;_self&#8221; column_position=&#8221;default&#8221; gradient_direction=&#8221;left_to_right&#8221; overlay_strength=&#8221;0.3&#8243; width=&#8221;1\/2&#8243; tablet_width_inherit=&#8221;default&#8221; animation_type=&#8221;default&#8221; bg_image_animation=&#8221;none&#8221; border_type=&#8221;simple&#8221; column_border_width=&#8221;none&#8221; column_border_style=&#8221;solid&#8221;][nectar_btn size=&#8221;large&#8221; open_new_tab=&#8221;true&#8221; button_style=&#8221;see-through-3d&#8221; color_override=&#8221;#c7559a&#8221; text=&#8221;Associations.gouv&#8221; url=&#8221;https:\/\/www.associations.gouv.fr\/&#8221; css_animation=&#8221;none&#8221;][\/vc_column][\/vc_row]\n<button class=\"simplefavorite-button\" data-postid=\"6739\" data-siteid=\"2\" data-groupid=\"1\" data-favoritecount=\"0\" style=\"\">Mettre en favoris <i class=\"sf-icon-star-empty\"><\/i><\/button>","protected":false},"excerpt":{"rendered":"<p>Vous pouvez d\u00e9clarer votre engagement b\u00e9n\u00e9vole et b\u00e9n\u00e9ficier, sous conditions, de formations !<\/p>\n","protected":false},"author":17,"featured_media":6740,"comment_status":"closed","ping_status":"closed","sticky":false,"template":"","format":"standard","meta":{"footnotes":""},"categories":[4,5,8],"tags":[137,11,177,176,179,185,178,183,184,182,180,181,32],"class_list":{"0":"post-6739","1":"post","2":"type-post","3":"status-publish","4":"format-standard","5":"has-post-thumbnail","7":"category-benevoles","8":"category-engagement","9":"category-valorisation-des-benevoles","10":"tag-association","11":"tag-benevolat","12":"tag-cec","13":"tag-compte-engagement-citoyen","14":"tag-cpa","15":"tag-dirigeant","16":"tag-formation","17":"tag-formation-professionnelle","18":"tag-lactivite-benevole","19":"tag-mon-compte-formation","20":"tag-responsables-benevoles-associatifs","21":"tag-service-public","22":"tag-valorisation"},"_links":{"self":[{"href":"https:\/\/formations-benevoles.org\/provence-alpes-cote-dazur\/wp-json\/wp\/v2\/posts\/6739","targetHints":{"allow":["GET"]}}],"collection":[{"href":"https:\/\/formations-benevoles.org\/provence-alpes-cote-dazur\/wp-json\/wp\/v2\/posts"}],"about":[{"href":"https:\/\/formations-benevoles.org\/provence-alpes-cote-dazur\/wp-json\/wp\/v2\/types\/post"}],"author":[{"embeddable":true,"href":"https:\/\/formations-benevoles.org\/provence-alpes-cote-dazur\/wp-json\/wp\/v2\/users\/17"}],"replies":[{"embeddable":true,"href":"https:\/\/formations-benevoles.org\/provence-alpes-cote-dazur\/wp-json\/wp\/v2\/comments?post=6739"}],"version-history":[{"count":0,"href":"https:\/\/formations-benevoles.org\/provence-alpes-cote-dazur\/wp-json\/wp\/v2\/posts\/6739\/revisions"}],"wp:featuredmedia":[{"embeddable":true,"href":"https:\/\/formations-benevoles.org\/provence-alpes-cote-dazur\/wp-json\/wp\/v2\/media\/6740"}],"wp:attachment":[{"href":"https:\/\/formations-benevoles.org\/provence-alpes-cote-dazur\/wp-json\/wp\/v2\/media?parent=6739"}],"wp:term":[{"taxonomy":"category","embeddable":true,"href":"https:\/\/formations-benevoles.org\/provence-alpes-cote-dazur\/wp-json\/wp\/v2\/categories?post=6739"},{"taxonomy":"post_tag","embeddable":true,"href":"https:\/\/formations-benevoles.org\/provence-alpes-cote-dazur\/wp-json\/wp\/v2\/tags?post=6739"}],"curies":[{"name":"wp","href":"https:\/\/api.w.org\/{rel}","templated":true}]}}